{"provider_url": "https://www.paulafreitas.pr.leg.br", "title": "Mo\u00e7\u00f5es do ano de 2023", "html": "<h3><a title=\"\" href=\"https://www.paulafreitas.pr.leg.br/processo-legislativo/mocoes/2023/MOOPESARB.pdf\" class=\"internal-link\" target=\"_self\">MO\u00c7\u00c3O DE PESAR PELO FALECIMENTO DO SR. ALCIDES AP. DE BRITO</a></h3>\r\n<h3><a title=\"\" href=\"https://www.paulafreitas.pr.leg.br/processo-legislativo/mocoes/2023/MOOROTA.pdf\" class=\"internal-link\" target=\"_self\">MO\u00c7\u00c3O DE APLAUSOS A EQUIPE DE CICLISMO DO MUNIC\u00cdPIO DE PAULA FREITAS</a></h3>\r\n<h3><a title=\"\" href=\"https://www.paulafreitas.pr.leg.br/processo-legislativo/mocoes/2023/MOO04.pdf\" class=\"internal-link\" target=\"_self\">MO\u00c7\u00c3O DE APLAUSOS\u00a0 AO DIA INTERNACIONAL DA MULHER</a></h3>\r\n<h3><a title=\"\" href=\"https://www.paulafreitas.pr.leg.br/processo-legislativo/mocoes/2023/MOOPESAR.pdf\" class=\"internal-link\" target=\"_self\">MO\u00c7\u00c3O DE PESAR PELO FALECIMENTO DA SRA. TEREZINHA ZAMOLSKI CAVANHA</a></h3>\r\n<h3><a title=\"\" href=\"https://www.paulafreitas.pr.leg.br/processo-legislativo/mocoes/2023/MOODAPL.pdf\" class=\"internal-link\" target=\"_self\">MO\u00c7\u00c3O DE APLAUSOS AO SR. TE\u00d3FILO EST\u00c1CIO E FAM\u00cdLIA</a></h3>\r\n<h3><a title=\"\" href=\"https://www.paulafreitas.pr.leg.br/processo-legislativo/mocoes/2023/MooANt.pdf\" class=\"internal-link\" target=\"_self\">MO\u00c7\u00c3O DE PESAR PELO FALECIMENTO DO SR. ANT\u00d4NIO OSNI SILVEIRA</a></h3>\r\n<h3><a title=\"\" href=\"https://www.paulafreitas.pr.leg.br/processo-legislativo/mocoes/2023/MOO5.2023PESARTEREZASCHUEDE.pdf\" class=\"internal-link\" target=\"_self\">MO\u00c7\u00c3O DE PESAR PELO FALECIMENTO DA SRA. TEREZA MANDRYK SHUEDE</a></h3>", "author_name": "", "version": "1.0", "author_url": "https://www.paulafreitas.pr.leg.br/author/adm", "provider_name": "C\u00e2mara Municipal de Paula Freitas", "type": "rich"}