{"provider_url": "https://www.paulafreitas.pr.leg.br", "title": "Mo\u00e7\u00f5es do ano de 2022", "html": "<h3><a title=\"\" href=\"https://www.paulafreitas.pr.leg.br/processo-legislativo/mocoes/2022/MOOPESARJOOAMARILDODEOLIVEIRA.pdf\" class=\"internal-link\" target=\"_self\">MO\u00c7\u00c3O DE PESAR PELO FALECIMENTO DO SR. JO\u00c3O AMARILDO DE OLIVEIRA</a></h3>\r\n<h3><a title=\"\" href=\"https://www.paulafreitas.pr.leg.br/processo-legislativo/mocoes/2022/MOOPESARELVIRA.pdf\" class=\"internal-link\" target=\"_self\">MO\u00c7\u00c3O DE PESAR PELO FALECIMENTO DA SRA. ELVIRA STACIAKI</a></h3>\r\n<h3><a title=\"\" href=\"https://www.paulafreitas.pr.leg.br/processo-legislativo/mocoes/2022/MOOPESARMARIABUENOPINTO.pdf\" class=\"internal-link\" target=\"_self\">MO\u00c7\u00c3O DE PESAR PELO FALECIMENTO DA SRA. MARIA BUENO PINTO</a></h3>\r\n<h3><a title=\"\" href=\"https://www.paulafreitas.pr.leg.br/processo-legislativo/mocoes/2022/MOOPESARINESULCZAK.pdf\" class=\"internal-link\" target=\"_self\">MO\u00c7\u00c3O DE PESAR PELO FALECIMENTO DA SRA. IN\u00caS ULCZAK</a></h3>\r\n<h3><a title=\"\" href=\"https://www.paulafreitas.pr.leg.br/processo-legislativo/mocoes/2022/MOOPESARMARGARIDASTECIUK.pdf\" class=\"internal-link\" target=\"_blank\">MO\u00c7\u00c3O DE PESAR PELO FALECIMENTO DA SRA. MARGARIDA STECIUK</a></h3>\r\n<h3><a title=\"\" href=\"https://www.paulafreitas.pr.leg.br/processo-legislativo/mocoes/2022/MOOPESARIDALINAFRANCOKMITA.pdf\" class=\"internal-link\" target=\"_blank\">MO\u00c7\u00c3O DE PESAR PELO FALECIMENTO DA SRA. IDALINA FRANCO KMITA</a></h3>\r\n<h3><a title=\"\" href=\"https://www.paulafreitas.pr.leg.br/processo-legislativo/mocoes/2022/MOOPESARIVOZBITKOWSKI.pdf\" class=\"internal-link\" target=\"_blank\">MO\u00c7\u00c3O DE PESAR PELO FALECIMENTO DO SR. IVO ZBITKOWSKI</a></h3>\r\n<h3><a title=\"\" href=\"https://www.paulafreitas.pr.leg.br/processo-legislativo/mocoes/2022/NOTAPESARCOMUNIDADEUCRANIANA.pdf\" class=\"internal-link\" target=\"_blank\">NOTA DE PESAR A COMUNIDADE UCRANIANA</a></h3>\r\n<h3><a title=\"\" href=\"https://www.paulafreitas.pr.leg.br/processo-legislativo/mocoes/2022/MoodeApoio20221.pdf\" class=\"internal-link\" target=\"_self\">MO\u00c7\u00c3O DE APOIO QUE\u00a0 VISA \u00c1 IMPLANTA\u00c7\u00c3O DO CURSO DE DIREITO NA UNESPR/CAMPUS DE UNI\u00c3O DA VIT\u00d3RIA</a></h3>\r\n<h3><a title=\"\" href=\"https://www.paulafreitas.pr.leg.br/processo-legislativo/mocoes/2022/MOOPESARMARIOKMITA.pdf\" class=\"internal-link\" target=\"_blank\">MO\u00c7\u00c3O DE PESAR PELO FALECIMENTO DO SR. M\u00c1RIO KMITA</a></h3>\r\n<h3><a title=\"\" href=\"https://www.paulafreitas.pr.leg.br/processo-legislativo/mocoes/2022/MOOPESARZUMIROSCHIZZI.pdf\" class=\"internal-link\" target=\"_blank\">MO\u00c7\u00c3O DE PESAR PELO FALECIMENTO DO SR. ZULMIRO SCHIZZI</a></h3>\r\n<h3><a title=\"\" href=\"https://www.paulafreitas.pr.leg.br/processo-legislativo/mocoes/2022/MOOAPLAUSOSDOMESTICA.pdf\" class=\"internal-link\" target=\"_blank\">MO\u00c7\u00c3O DE APLAUSOS PELO DIA DA DOM\u00c9STICA</a></h3>\r\n<h3><a title=\"\" href=\"https://www.paulafreitas.pr.leg.br/processo-legislativo/mocoes/2022/MOODEPESARHOMEROFERREIRADOSREIS.pdf\" class=\"internal-link\" target=\"_blank\">MO\u00c7\u00c3O DE PESAR PELO FALECIMENTO DO SR. HOMERO FERREIRA DOS REIS</a></h3>\r\n<h3><a title=\"\" href=\"https://www.paulafreitas.pr.leg.br/processo-legislativo/mocoes/2022/MOOPESARMARIAFATIMA.pdf\" class=\"internal-link\" target=\"_self\">MO\u00c7\u00c3O DE PESAR PELO FALECIMENTO DA SRA. MARIA DE FATIMA BUENO</a></h3>\r\n<h3><a title=\"\" href=\"https://www.paulafreitas.pr.leg.br/processo-legislativo/mocoes/2022/MOOAPLAUSOSVAARGEEMGRRANDE.pdf\" class=\"internal-link\" target=\"_blank\">MO\u00c7\u00c3O DE APLAUSOS A EQUIPE VARGEM GRANDE FC</a></h3>\r\n<h3><a title=\"\" href=\"https://www.paulafreitas.pr.leg.br/processo-legislativo/mocoes/2022/MOOAPLAUSOS2022.pdf\" class=\"internal-link\" target=\"_self\">MO\u00c7\u00c3O DE APLAUSOS AO SR. ARLINDO MAXIMINO DE LIMA</a></h3>", "author_name": "", "version": "1.0", "author_url": "https://www.paulafreitas.pr.leg.br/author/adm", "provider_name": "C\u00e2mara Municipal de Paula Freitas", "type": "rich"}