{"provider_url": "https://www.paulafreitas.pr.leg.br", "title": "Mo\u00e7\u00f5es para o ano de 2021", "html": "<h3><a title=\"\" href=\"https://www.paulafreitas.pr.leg.br/processo-legislativo/mocoes/2021/MOOCONSULADOGERALDAITALIA.pdf\" class=\"internal-link\" target=\"_blank\">MO\u00c7\u00c3O DE APLAUSOS AO CONSULADO GERAL DA IT\u00c1LIA</a></h3>\r\n<h3><a title=\"\" href=\"https://www.paulafreitas.pr.leg.br/processo-legislativo/mocoes/2021/MOOENFERMAGEM.pdf\" class=\"internal-link\" target=\"_blank\">MO\u00c7\u00c3O DE APLAUSOS AOS PROFISSIONAIS DE ENFERMAGEM E DIA DO T\u00c9CNICO E AUXILIAR DE ENFERMAGEM</a></h3>\r\n<h3><a title=\"\" href=\"https://www.paulafreitas.pr.leg.br/processo-legislativo/mocoes/2021/MOOAPLAUSOSDILCEDOLINNY.pdf\" class=\"internal-link\" target=\"_blank\">MO\u00c7\u00c3O DE APLAUSOS A SRA. DILCE APARECIDA DOLINNY</a></h3>\r\n<h3><a title=\"\" href=\"https://www.paulafreitas.pr.leg.br/processo-legislativo/mocoes/2021/MOOPESARREINALDOPECHEBELA.pdf\" class=\"internal-link\" target=\"_blank\">MO\u00c7\u00c3O DE PESAR PELO FALECIMENTO DO SR. REINALDO PECHEBELA</a></h3>\r\n<h3><a title=\"\" href=\"https://www.paulafreitas.pr.leg.br/processo-legislativo/mocoes/2021/MOOPESARERCYLOTH.pdf\" class=\"internal-link\" target=\"_blank\">MO\u00c7\u00c3O DE PESAR PELO FALECIMENTO DA SRA. ERCY LOTH</a></h3>\r\n<h3><a title=\"\" href=\"https://www.paulafreitas.pr.leg.br/processo-legislativo/mocoes/2021/MOOPESARVERALUCIAFELISBERTO.pdf\" class=\"internal-link\" target=\"_blank\">MO\u00c7\u00c3O DE PESAR PELO FALECIMENTO DA SRA. VERA LUCIA FELISBERTO</a></h3>\r\n<h3><a title=\"\" href=\"https://www.paulafreitas.pr.leg.br/processo-legislativo/mocoes/2021/MOOAPOIOPL463.2021.pdf\" class=\"internal-link\" target=\"_blank\">MO\u00c7\u00c3O DE APOIO AO PROJETO DE LEI N\u00ba 463/2021, DE AUTORIA DO DEPUTADO EMERSON BACIL.</a></h3>\r\n<h3><a title=\"\" href=\"https://www.paulafreitas.pr.leg.br/processo-legislativo/mocoes/2021/MOAODEAPOIOESPANHOL.pdf\" class=\"internal-link\" target=\"_blank\">MO\u00c7\u00c3O DE APOIO A VOTA\u00c7\u00c3O DA PEC 3/2021</a></h3>\r\n<h3><a title=\"\" href=\"https://www.paulafreitas.pr.leg.br/processo-legislativo/mocoes/2021/MOOAPLAUSOSGAUCHO.pdf\" class=\"internal-link\" target=\"_blank\">MO\u00c7\u00c3O DE APLAUSOS AO DIA DO GA\u00daCHO</a></h3>\r\n<h3><a title=\"\" href=\"https://www.paulafreitas.pr.leg.br/processo-legislativo/mocoes/2021/MOOAPLAUSOSBRENDA.pdf\" class=\"internal-link\" target=\"_blank\">MO\u00c7\u00c3O DE APLAUSOS A BRENDA CAMILLE WOLLINGER</a></h3>", "author_name": "", "version": "1.0", "author_url": "https://www.paulafreitas.pr.leg.br/author/adm", "provider_name": "C\u00e2mara Municipal de Paula Freitas", "type": "rich"}