{"provider_url": "https://www.paulafreitas.pr.leg.br", "title": "2019", "html": "<h2><a title=\"\" href=\"https://www.paulafreitas.pr.leg.br/processo-legislativo/mocoes/5.2019APLAUSOSFELIPEJOSMANDRYK.pdf\" class=\"internal-link\" target=\"_blank\">MO\u00c7\u00c3O DE APLAUSOS A FELIPE JOS\u00c9 MANDRYK</a></h2>\r\n<h2><a title=\"\" href=\"https://www.paulafreitas.pr.leg.br/processo-legislativo/mocoes/4.2019APLAUSOSANDERONDIEGOSARTURRI.pdf\" class=\"internal-link\" target=\"_blank\">MO\u00c7\u00c3O DE APLAUSOS A ANDERSON DIEGO SARTURRI</a></h2>\r\n<h2><a title=\"\" href=\"https://www.paulafreitas.pr.leg.br/processo-legislativo/mocoes/3.2019APLAUSOSCAIOPEDROCAMILO.pdf\" class=\"internal-link\" target=\"_blank\">MO\u00c7\u00c3O DE APLAUSOS A CAIO PEDRO CAMILO</a></h2>\r\n<h2><a title=\"\" href=\"https://www.paulafreitas.pr.leg.br/processo-legislativo/mocoes/2.2019APLAUSOSADRIELICRISTINAPOLZIN.pdf\" class=\"internal-link\" target=\"_blank\">MO\u00c7\u00c3O DE APLAUSOS A ADRIELI CRISTINA POLZIN</a></h2>\r\n<h2><a title=\"\" href=\"https://www.paulafreitas.pr.leg.br/processo-legislativo/mocoes/1.2019PESARMARTINEZAGUDO.pdf\" class=\"internal-link\" target=\"_blank\">MO\u00c7\u00c3O DE PESAR A FAM\u00cdLIA MARTINEZ AGUDO</a></h2>", "author_name": "", "version": "1.0", "author_url": "https://www.paulafreitas.pr.leg.br/author/adm", "provider_name": "C\u00e2mara Municipal de Paula Freitas", "type": "rich"}