{"provider_url": "https://www.paulafreitas.pr.leg.br", "title": "Atas do ano de 2023", "html": "<h2>SESS\u00d5ES ORDIN\u00c1RIAS</h2>\r\n<h3><a title=\"\" href=\"https://www.paulafreitas.pr.leg.br/processo-legislativo/atas/2023/ATA06.02.2023.pdf\" class=\"internal-link\" target=\"_self\">1\u00aa Sess\u00e3o Ordin\u00e1ria 06-02-2023</a></h3>\r\n<h3><a title=\"\" href=\"https://www.paulafreitas.pr.leg.br/processo-legislativo/atas/2023/ATA13.02.2023.pdf\" class=\"internal-link\" target=\"_self\">2\u00aa Sess\u00e3o Ordin\u00e1ria 13-02-2023</a></h3>\r\n<h3><a title=\"\" href=\"https://www.paulafreitas.pr.leg.br/processo-legislativo/atas/2023/ATA27.02.2023.pdf\" class=\"internal-link\" target=\"_self\">3\u00aa Sess\u00e3o Ordin\u00e1ria 27-02-2023</a></h3>\r\n<h3><a title=\"\" href=\"https://www.paulafreitas.pr.leg.br/processo-legislativo/atas/2023/ATA06032023.pdf\" class=\"internal-link\" target=\"_self\">4\u00aa Sess\u00e3o Ordin\u00e1ria 06-03-2023</a></h3>\r\n<h3><a title=\"\" href=\"https://www.paulafreitas.pr.leg.br/processo-legislativo/atas/2023/ATA13032023.pdf\" class=\"internal-link\" target=\"_self\">5\u00aa Sess\u00e3o Ordin\u00e1ria 13-03-2023</a></h3>\r\n<h3><a title=\"\" href=\"https://www.paulafreitas.pr.leg.br/processo-legislativo/atas/2023/ATA.pdf\" class=\"internal-link\" target=\"_self\">6\u00aa Sess\u00e3o Ordin\u00e1ria 20-03-2023</a></h3>\r\n<h3><a title=\"\" href=\"https://www.paulafreitas.pr.leg.br/processo-legislativo/atas/2023/ATA27032023.pdf\" class=\"internal-link\" target=\"_self\">7\u00aa Sess\u00e3o Ordin\u00e1ria 27-03-2023</a></h3>\r\n<h3><a title=\"\" href=\"https://www.paulafreitas.pr.leg.br/processo-legislativo/atas/2023/ATA03042023.pdf\" class=\"internal-link\" target=\"_self\">8\u00aa Sess\u00e3o Ordin\u00e1ria 03-04-2023</a></h3>\r\n<h3><a title=\"\" href=\"https://www.paulafreitas.pr.leg.br/processo-legislativo/atas/2023/ata10042023.pdf\" class=\"internal-link\" target=\"_self\">9\u00aa Sess\u00e3o Ordin\u00e1ria 10-04-2023</a></h3>\r\n<h3><a title=\"\" href=\"https://www.paulafreitas.pr.leg.br/processo-legislativo/atas/2023/SessoOrdinria17.04.2023.pdf\" class=\"internal-link\" target=\"_self\">10\u00aa Sess\u00e3o Ordin\u00e1ria 17-04-2023</a></h3>\r\n<h3><a title=\"\" href=\"https://www.paulafreitas.pr.leg.br/processo-legislativo/atas/2023/ATA24042023.pdf\" class=\"internal-link\" target=\"_self\">11\u00aa Sess\u00e3o Ordin\u00e1ria 24-04-2023</a></h3>\r\n<h3><a title=\"\" href=\"https://www.paulafreitas.pr.leg.br/processo-legislativo/atas/2023/ATA08052023.pdf\" class=\"internal-link\" target=\"_self\">12\u00aa Sess\u00e3o Ordin\u00e1ria 08-05-2023</a></h3>\r\n<h3><a title=\"\" href=\"https://www.paulafreitas.pr.leg.br/processo-legislativo/atas/2023/ATA15052023.pdf\" class=\"internal-link\" target=\"_self\">13\u00aa Sess\u00e3o Ordin\u00e1ria 15-05-2023</a></h3>\r\n<h3><a title=\"\" href=\"https://www.paulafreitas.pr.leg.br/processo-legislativo/atas/2023/ATA22052023.pdf\" class=\"internal-link\" target=\"_self\">14\u00aa Sess\u00e3o Ordin\u00e1ria 22-05-2023</a></h3>\r\n<h3><a title=\"\" href=\"https://www.paulafreitas.pr.leg.br/processo-legislativo/atas/2023/ATA29052023.pdf\" class=\"internal-link\" target=\"_self\">15\u00aa Sess\u00e3o Ordin\u00e1ria 29-05-2023</a></h3>\r\n<h3><a title=\"\" href=\"https://www.paulafreitas.pr.leg.br/processo-legislativo/atas/2023/ATA050623.pdf\" class=\"internal-link\" target=\"_self\">16\u00aa Sess\u00e3o Ordin\u00e1ria 05-06-2023</a></h3>\r\n<h3><a title=\"\" href=\"https://www.paulafreitas.pr.leg.br/processo-legislativo/atas/2023/ATA12062023.pdf\" class=\"internal-link\" target=\"_self\">17\u00aa Sess\u00e3o Ordin\u00e1ria 12-06-2023</a></h3>\r\n<h3><a title=\"\" href=\"https://www.paulafreitas.pr.leg.br/processo-legislativo/atas/2023/ata19062023.pdf\" class=\"internal-link\" target=\"_self\">18\u00aa Sess\u00e3o Ordin\u00e1ria 19-06-2023</a></h3>\r\n<h3><a title=\"\" href=\"https://www.paulafreitas.pr.leg.br/processo-legislativo/atas/2023/ata26062023.pdf\" class=\"internal-link\" target=\"_self\">19\u00aa Sess\u00e3o Ordin\u00e1ria 26-06-2023</a></h3>\r\n<h3><a title=\"\" href=\"https://www.paulafreitas.pr.leg.br/processo-legislativo/atas/2023/ata03072023.pdf\" class=\"internal-link\" target=\"_self\">20\u00aa Sess\u00e3o Ordin\u00e1ria 03-07-2023</a></h3>\r\n<h3><a title=\"\" href=\"https://www.paulafreitas.pr.leg.br/processo-legislativo/atas/2023/ata10072023.pdf\" class=\"internal-link\" target=\"_self\">21\u00aa Sess\u00e3o Ordin\u00e1ria 10-07-2023</a></h3>\r\n<h3><a title=\"\" href=\"https://www.paulafreitas.pr.leg.br/processo-legislativo/atas/2023/ata17072023.pdf\" class=\"internal-link\" target=\"_self\">22\u00aa Sess\u00e3o Ordin\u00e1ria 17-07-2023</a></h3>\r\n<h3><a title=\"\" href=\"https://www.paulafreitas.pr.leg.br/processo-legislativo/atas/2023/ATA07082023.pdf\" class=\"internal-link\" target=\"_self\">23\u00aa Sess\u00e3o Ordin\u00e1ria 07-07-2023</a></h3>\r\n<h3><a title=\"\" href=\"https://www.paulafreitas.pr.leg.br/processo-legislativo/atas/2023/ATA14082023.pdf\" class=\"internal-link\" target=\"_self\">24\u00aa Sess\u00e3o Ordin\u00e1ria 14-08-2023</a></h3>\r\n<h3><a title=\"\" href=\"https://www.paulafreitas.pr.leg.br/processo-legislativo/atas/2023/ATA21082023.pdf\" class=\"internal-link\" target=\"_self\">25\u00aa Sess\u00e3o Ordin\u00e1ria 21-08-2023</a></h3>\r\n<h3><a title=\"\" href=\"https://www.paulafreitas.pr.leg.br/processo-legislativo/atas/2023/ATA28082023.pdf\" class=\"internal-link\" target=\"_self\">26\u00aa Sess\u00e3o Ordin\u00e1ria 28-08-2023</a></h3>\r\n<h3><a title=\"\" href=\"https://www.paulafreitas.pr.leg.br/processo-legislativo/atas/2023/ATA11092023.pdf\" class=\"internal-link\" target=\"_self\">27\u00aa Sess\u00e3o Ordin\u00e1ria 11-09-2023</a></h3>\r\n<h3><a title=\"\" href=\"https://www.paulafreitas.pr.leg.br/processo-legislativo/atas/2023/ATA18092023.pdf\" class=\"internal-link\" target=\"_self\">28\u00aa Sess\u00e3o Ordin\u00e1ria 18-09-2023</a></h3>\r\n<h3><a title=\"\" href=\"https://www.paulafreitas.pr.leg.br/processo-legislativo/atas/2023/ata250923.pdf\" class=\"internal-link\" target=\"_self\">29\u00aa Sess\u00e3o Ordin\u00e1ria 25-09-2023</a></h3>\r\n<h3><a title=\"\" href=\"https://www.paulafreitas.pr.leg.br/processo-legislativo/atas/2023/ATA02102023.pdf\" class=\"internal-link\" target=\"_self\">30\u00aa Sess\u00e3o Ordin\u00e1ria 02-10-2023</a></h3>\r\n<h3><a title=\"\" href=\"https://www.paulafreitas.pr.leg.br/processo-legislativo/atas/2023/Ata09102023.pdf\" class=\"internal-link\" target=\"_self\">31\u00aa Sess\u00e3o Ordin\u00e1ria 09-10-2023</a></h3>\r\n<h3><a title=\"\" href=\"https://www.paulafreitas.pr.leg.br/processo-legislativo/atas/2023/ata23102023.pdf\" class=\"internal-link\" target=\"_self\">32\u00aa Sess\u00e3o Ordin\u00e1ria 23-10-2023</a></h3>\r\n<h3><a title=\"\" href=\"https://www.paulafreitas.pr.leg.br/processo-legislativo/atas/2023/ata30102023.pdf\" class=\"internal-link\" target=\"_self\">33\u00aa Sess\u00e3o Ordin\u00e1ria 30-10-2023<br /></a><a title=\"\" href=\"https://www.paulafreitas.pr.leg.br/processo-legislativo/atas/2023/ATA06112023.pdf\" class=\"internal-link\" target=\"_self\">34\u00aa Sess\u00e3o Ordin\u00e1ria 06-11-2023</a></h3>\r\n<h3><a title=\"\" href=\"https://www.paulafreitas.pr.leg.br/processo-legislativo/atas/2023/ATA13112023.pdf\" class=\"internal-link\" target=\"_self\">35\u00aa Sess\u00e3o Ordin\u00e1ria 13-11-2023</a></h3>\r\n<h3><a title=\"\" href=\"https://www.paulafreitas.pr.leg.br/processo-legislativo/atas/2023/ATA20112023.pdf\" class=\"internal-link\" target=\"_self\">36\u00aa Sess\u00e3o Ordin\u00e1ria 20-11-2023</a></h3>\r\n<h3><a title=\"\" href=\"https://www.paulafreitas.pr.leg.br/processo-legislativo/atas/2023/ATA27112023.pdf\" class=\"internal-link\" target=\"_self\">37\u00aa Sess\u00e3o Ordin\u00e1ria 27-11-2023</a></h3>\r\n<h3><a title=\"\" href=\"https://www.paulafreitas.pr.leg.br/processo-legislativo/atas/2023/ATA04122023.pdf\" class=\"internal-link\" target=\"_self\">38\u00aa Sess\u00e3o Ordin\u00e1ria 04-12-2023</a></h3>\r\n<h3><a title=\"\" href=\"https://www.paulafreitas.pr.leg.br/processo-legislativo/atas/2023/ATA11122023.pdf\" class=\"internal-link\" target=\"_self\">39\u00aa Sess\u00e3o Ordin\u00e1ria 11-12-2023</a></h3>\r\n<h3><a title=\"\" href=\"https://www.paulafreitas.pr.leg.br/processo-legislativo/atas/2023/ATA18122023.pdf\" class=\"internal-link\" target=\"_self\">40\u00aa Sess\u00e3o Ordin\u00e1ria 18-12-2023</a></h3>\r\n<p>\u00a0</p>\r\n<h2>SESS\u00d5ES EXTRAORDIN\u00c1RIAS</h2>\r\n<h3><a title=\"\" href=\"https://www.paulafreitas.pr.leg.br/processo-legislativo/atas/2023/ATA15.02.2023.pdf\" class=\"internal-link\" target=\"_self\">1\u00aa Sess\u00e3o Extraordin\u00e1ria 15-02-2023</a></h3>\r\n<h3><a title=\"\" href=\"https://www.paulafreitas.pr.leg.br/processo-legislativo/atas/2023/2SessoExtraordinria2023.pdf\" class=\"internal-link\" target=\"_self\">2\u00aa Sess\u00e3o Extraordin\u00e1ria 20-04-2023</a></h3>\r\n<h3><a title=\"\" href=\"https://www.paulafreitas.pr.leg.br/processo-legislativo/atas/2023/ata3sesso.pdf\" class=\"internal-link\" target=\"_self\">3\u00aa Sess\u00e3o Extraordin\u00e1ria 26-04-2023</a></h3>\r\n<h3><a title=\"\" href=\"https://www.paulafreitas.pr.leg.br/processo-legislativo/atas/2023/ATA10052023.pdf\" class=\"internal-link\" target=\"_self\">4\u00aa Sess\u00e3o Extraordin\u00e1ria 10-05-2023</a></h3>\r\n<h3><a title=\"\" href=\"https://www.paulafreitas.pr.leg.br/processo-legislativo/atas/2023/ATA518102023.pdf\" class=\"internal-link\" target=\"_self\">5\u00aa Sess\u00e3o Extraordin\u00e1ria 18-10-2023</a></h3>\r\n<h3><a title=\"\" href=\"https://www.paulafreitas.pr.leg.br/processo-legislativo/atas/2023/ATA30112023.pdf\" class=\"internal-link\" target=\"_self\">6\u00aa Sess\u00e3o Extraordin\u00e1ria 30-11-2023</a></h3>\r\n<p>\u00a0</p>\r\n<p>\u00a0</p>\r\n<h2>SESS\u00d5ES SOLENES</h2>\r\n<p>\u00a0</p>\r\n<h3><a title=\"\" href=\"https://www.paulafreitas.pr.leg.br/processo-legislativo/atas/2023/ATASESSOSOLENEPOSSEMESADIRETORABIENIO2023.2024.pdf\" class=\"internal-link\" target=\"_blank\">ATA DA SESS\u00c3O SOLENE DE POSSE DA MESA DIRETORA DA C\u00c2MARA MUNICIPAL DE PAULA FREITAS PARA O BI\u00caNIO 2023/2024</a></h3>\r\n<p>\u00a0</p>\r\n<h2>SESS\u00d5ES ESPECIAIS</h2>\r\n<p>\u00a0</p>\r\n<p>\u00a0</p>\r\n<h2>AUDI\u00caNCIAS P\u00daBLICAS</h2>\r\n<h3><a title=\"\" href=\"https://www.paulafreitas.pr.leg.br/processo-legislativo/atas/2023/ATAAUD.P.pdf\" class=\"internal-link\" target=\"_self\">ATA DA AUDI\u00caNCIA PUBLICA DE PRESTA\u00c7\u00c3O DE CONTAS DO TERCEIRO QUADRIMESTRE DE DOIS MIL E VINTE E DOIS</a></h3>\r\n<h3><a title=\"\" href=\"https://www.paulafreitas.pr.leg.br/processo-legislativo/atas/2023/ATA112023.pdf\" class=\"internal-link\" target=\"_self\">ATA DA AUDI\u00caNCIA P\u00daBLICA DE APRESENTA\u00c7\u00c3O DA LOA 2024</a></h3>", "author_name": "", "version": "1.0", "author_url": "https://www.paulafreitas.pr.leg.br/author/adm", "provider_name": "C\u00e2mara Municipal de Paula Freitas", "type": "rich"}