{"provider_url": "https://www.paulafreitas.pr.leg.br", "title": "Atas do ano de 2021:", "html": "<h2>SESS\u00d5ES ORDIN\u00c1RIAS</h2>\r\n<h3 class=\"mceContentBody documentContent template-document_view portaltype-document site-portal section-processo-legislativo subsection-atas subsection-atas-2021 subsection-atas-2021-atas-do-ano-de-2021 icons-on userrole-member userrole-site administrator userrole-authenticated\"><span class=\"internal-link\"><span class=\"internal-link\"><a title=\"\" href=\"https://www.paulafreitas.pr.leg.br/processo-legislativo/atas/2021/Atasessao08022021.pdf\" class=\"internal-link\" target=\"_self\">1\u00aa</a></span></span><a title=\"\" href=\"https://www.paulafreitas.pr.leg.br/processo-legislativo/atas/2021/Atasessao08022021.pdf\" class=\"internal-link\" target=\"_self\">\u00a0Sess\u00e3o Ordin\u00e1ria - 08/02/2021</a></h3>\r\n<h3 class=\"mceContentBody documentContent template-document_view portaltype-document site-portal section-processo-legislativo subsection-atas subsection-atas-2021 subsection-atas-2021-atas-do-ano-de-2021 icons-on userrole-member userrole-site administrator userrole-authenticated\"><a title=\"\" href=\"https://www.paulafreitas.pr.leg.br/processo-legislativo/atas/2021/Atasessao08022021.pdf\" class=\"internal-link\" target=\"_self\"></a><strong><span class=\"internal-link\"><span class=\"internal-link\"><a title=\"\" href=\"https://www.paulafreitas.pr.leg.br/processo-legislativo/atas/2021/atasesso15022021.pdf\" class=\"internal-link\" target=\"_self\">2\u00aa Sess\u00e3o Ordin\u00e1ria - 15/02/2021</a></span></span></strong></h3>\r\n<h3 class=\"mceContentBody documentContent template-document_view portaltype-document site-portal section-processo-legislativo subsection-atas subsection-atas-2021 subsection-atas-2021-atas-do-ano-de-2021 icons-on userrole-member userrole-site administrator userrole-authenticated\"><strong><span class=\"internal-link\"><span class=\"internal-link\"><a title=\"\" href=\"https://www.paulafreitas.pr.leg.br/processo-legislativo/atas/2021/sessao22.02.21.pdf\" class=\"internal-link\" target=\"_self\">3\u00aa Sess\u00e3o Ordin\u00e1ria - 22/02/2021</a></span></span></strong></h3>\r\n<h3 class=\"mceContentBody documentContent template-document_view portaltype-document site-portal section-processo-legislativo subsection-atas subsection-atas-2021 subsection-atas-2021-atas-do-ano-de-2021 icons-on userrole-member userrole-site administrator userrole-authenticated\"><strong><span class=\"internal-link\"><span class=\"internal-link\"><a title=\"\" href=\"https://www.paulafreitas.pr.leg.br/processo-legislativo/atas/2021/atasessaoord.08.03.2021.pdf\" class=\"internal-link\" target=\"_self\">4\u00aa Sess\u00e3o Ordin\u00e1ria - 08/03/2021</a></span></span></strong></h3>\r\n<h3 class=\"mceContentBody documentContent template-document_view portaltype-document site-portal section-processo-legislativo subsection-atas subsection-atas-2021 subsection-atas-2021-atas-do-ano-de-2021 icons-on userrole-member userrole-site administrator userrole-authenticated\"><strong><span class=\"internal-link\"><span class=\"internal-link\"><a title=\"\" href=\"https://www.paulafreitas.pr.leg.br/processo-legislativo/atas/2021/atasessaoord.15.03.2021.pdf\" class=\"internal-link\" target=\"_self\">5\u00aa Sess\u00e3o Ordin\u00e1ria - 15-03-2021</a></span></span></strong></h3>\r\n<h3><strong><span class=\"internal-link\"><span class=\"internal-link\"><a title=\"\" href=\"https://www.paulafreitas.pr.leg.br/processo-legislativo/atas/2021/ATA6ORDINARIA.pdf\" class=\"internal-link\" target=\"_self\">6\u00aa Sess\u00e3o Ordin\u00e1ria - 22-03-2021</a></span></span></strong></h3>\r\n<h3><strong><span class=\"internal-link\"><span class=\"internal-link\"><a title=\"\" href=\"https://www.paulafreitas.pr.leg.br/processo-legislativo/atas/2021/atadastimasesso29032021.pdf\" class=\"internal-link\" target=\"_self\">7\u00aa Sess\u00e3o Ordin\u00e1ria - 29-03-2021</a></span></span></strong></h3>\r\n<h3><strong><span class=\"internal-link\"><span class=\"internal-link\"><a title=\"\" href=\"https://www.paulafreitas.pr.leg.br/processo-legislativo/atas/2021/atadaoitavasessaoord.05.04.2021.pdf\" class=\"internal-link\" target=\"_self\">8\u00aa Sess\u00e3o Ordin\u00e1ria - 05-04-2021</a></span></span></strong></h3>\r\n<h3><strong><span class=\"internal-link\"><span class=\"internal-link\"><a title=\"\" href=\"https://www.paulafreitas.pr.leg.br/processo-legislativo/atas/2021/atadanonasessaoord.12.04.2021.pdf\" class=\"internal-link\" target=\"_self\">9\u00aa Sess\u00e3o Ordin\u00e1ria - 12-04-2021</a></span></span></strong></h3>\r\n<h3><strong><span class=\"internal-link\"><span class=\"internal-link\"><a title=\"\" href=\"https://www.paulafreitas.pr.leg.br/processo-legislativo/atas/2021/ATA19042021.pdf\" class=\"internal-link\" target=\"_self\">10\u00aa Sess\u00e3o Ordin\u00e1ria - 19-04-2021</a></span></span></strong></h3>\r\n<h3><strong><span class=\"internal-link\"><span class=\"internal-link\"><a title=\"\" href=\"https://www.paulafreitas.pr.leg.br/processo-legislativo/atas/2021/ATA26042021.pdf\" class=\"internal-link\" target=\"_self\">11\u00aa Sess\u00e3o Ordin\u00e1ria - 26-04-2021</a></span></span></strong></h3>\r\n<h3><strong><span class=\"internal-link\"><span class=\"internal-link\"><a title=\"\" href=\"https://www.paulafreitas.pr.leg.br/processo-legislativo/atas/2021/ATA03052021.pdf\" class=\"internal-link\" target=\"_self\">12\u00aa Sess\u00e3o Ordin\u00e1ria - 03-05-2021</a></span></span></strong></h3>\r\n<h3><strong><span class=\"internal-link\"><span class=\"internal-link\"><a title=\"\" href=\"https://www.paulafreitas.pr.leg.br/processo-legislativo/atas/2021/ATA10052021.pdf\" class=\"internal-link\" target=\"_self\">13\u00aa Sess\u00e3o Ordin\u00e1ria - 10-05-2021</a></span></span></strong></h3>\r\n<h3><a title=\"\" href=\"https://www.paulafreitas.pr.leg.br/processo-legislativo/atas/2021/ATA17052021.pdf\" class=\"internal-link\" target=\"_blank\">14\u00ba Sess\u00e3o Ordin\u00e1ria - 17-05-2021</a></h3>\r\n<h3><strong><span class=\"internal-link\"><span class=\"internal-link\"><a title=\"\" href=\"https://www.paulafreitas.pr.leg.br/processo-legislativo/atas/2021/ATA24052021.pdf\" class=\"internal-link\" target=\"_blank\">15\u00ba Sess\u00e3o Ordin\u00e1ria - 24-05-2021</a></span></span></strong></h3>\r\n<h3><strong><span class=\"internal-link\"><span class=\"internal-link\"><a title=\"\" href=\"https://www.paulafreitas.pr.leg.br/processo-legislativo/atas/2021/ATA31052021.pdf\" class=\"internal-link\" target=\"_self\">16\u00ba Sess\u00e3o Ordin\u00e1ria - 31-05-2021</a></span></span></strong></h3>\r\n<h3><strong><span class=\"internal-link\"><span class=\"internal-link\"><a title=\"\" href=\"https://www.paulafreitas.pr.leg.br/processo-legislativo/atas/2021/ATA07062021.pdf\" class=\"internal-link\" target=\"_self\">17\u00ba Sess\u00e3o Ordin\u00e1ria - 07-06-2021</a></span></span></strong></h3>\r\n<h3><strong><span class=\"internal-link\"><span class=\"internal-link\"><a title=\"\" href=\"https://www.paulafreitas.pr.leg.br/processo-legislativo/atas/2021/ATA14062021.pdf\" class=\"internal-link\" target=\"_self\">18\u00ba Sess\u00e3o Ordin\u00e1ria - 14-06-2021</a></span></span></strong></h3>\r\n<h3><strong><span class=\"internal-link\"><span class=\"internal-link\"><a title=\"\" href=\"https://www.paulafreitas.pr.leg.br/processo-legislativo/atas/2021/ATA21062021.pdf\" class=\"internal-link\" target=\"_self\">19\u00ba Sess\u00e3o Ordin\u00e1ria - 21-06-2021</a></span></span></strong></h3>\r\n<h3><strong><span class=\"internal-link\"><span class=\"internal-link\"><a title=\"\" href=\"https://www.paulafreitas.pr.leg.br/processo-legislativo/atas/2021/ATA28062021.pdf\" class=\"internal-link\" target=\"_self\">20\u00ba Sess\u00e3o Ordin\u00e1ria - 28-06-2021</a></span></span></strong></h3>\r\n<h3><strong><span class=\"internal-link\"><span class=\"internal-link\"><a title=\"\" href=\"https://www.paulafreitas.pr.leg.br/processo-legislativo/atas/2021/ATA05072021.pdf\" class=\"internal-link\" target=\"_self\">21\u00ba Sess\u00e3o Ordin\u00e1ria - 05-07-2021</a>\u00a0</span></span></strong></h3>\r\n<h3><strong><span class=\"internal-link\"><span class=\"internal-link\"><a title=\"\" href=\"https://www.paulafreitas.pr.leg.br/processo-legislativo/atas/2021/ATA12072021.pdf\" class=\"internal-link\" target=\"_self\">22\u00ba Sess\u00e3o Ordin\u00e1ria - 12-07-2021</a></span></span></strong></h3>\r\n<h3><strong><span class=\"internal-link\"><span class=\"internal-link\"><a title=\"\" href=\"https://www.paulafreitas.pr.leg.br/processo-legislativo/atas/2021/ATA02082021.pdf\" class=\"internal-link\" target=\"_self\">23\u00ba Sess\u00e3o Ordin\u00e1ria - 02-08-2021</a></span></span></strong></h3>\r\n<h3><strong><span class=\"internal-link\"><span class=\"internal-link\"><a title=\"\" href=\"https://www.paulafreitas.pr.leg.br/processo-legislativo/atas/2021/ATA09082021.pdf\" class=\"internal-link\" target=\"_self\">24\u00ba Sess\u00e3o Ordin\u00e1ria - 09-08-2021</a></span></span></strong></h3>\r\n<h3><strong><span class=\"internal-link\"><span class=\"internal-link\"><a title=\"\" href=\"https://www.paulafreitas.pr.leg.br/processo-legislativo/atas/2021/ATA16082021.pdf\" class=\"internal-link\" target=\"_self\">25\u00ba Sess\u00e3o Ordin\u00e1ria - 16-08-2021</a></span></span></strong></h3>\r\n<h3><strong><span class=\"internal-link\"><span class=\"internal-link\"><a title=\"\" href=\"https://www.paulafreitas.pr.leg.br/processo-legislativo/atas/2021/ATA23082021.pdf\" class=\"internal-link\" target=\"_self\">26\u00ba Sess\u00e3o Ordin\u00e1ria - 23-08-2021</a></span></span></strong></h3>\r\n<h3><strong><span class=\"internal-link\"><span class=\"internal-link\"><a title=\"\" href=\"https://www.paulafreitas.pr.leg.br/processo-legislativo/atas/2021/ATA30082021.pdf\" class=\"internal-link\" target=\"_self\">27\u00ba Sess\u00e3o Ordin\u00e1ria - 30-08-2021</a></span></span></strong></h3>\r\n<h3><strong><span class=\"internal-link\"><span class=\"internal-link\"><a title=\"\" href=\"https://www.paulafreitas.pr.leg.br/processo-legislativo/atas/2021/ATA13092021.pdf\" class=\"internal-link\" target=\"_self\">28\u00ba Sess\u00e3o Ordin\u00e1ria - 13-09-2021</a></span></span></strong></h3>\r\n<h3><a title=\"\" href=\"https://www.paulafreitas.pr.leg.br/processo-legislativo/atas/2021/ATA20092021.pdf\" class=\"internal-link\" target=\"_self\">29\u00b0 Sess\u00e3o Ordin\u00e1ria - 20-09-2021</a></h3>\r\n<h3><a title=\"\" href=\"https://www.paulafreitas.pr.leg.br/processo-legislativo/atas/2021/ATA27092021.pdf\" class=\"internal-link\" target=\"_self\">30\u00ba Sess\u00e3o Ordin\u00e1ria - 27-09-2021</a></h3>\r\n<h3><a title=\"\" href=\"https://www.paulafreitas.pr.leg.br/processo-legislativo/atas/2021/ATA04102021.pdf\" class=\"internal-link\" target=\"_self\">31\u00b0 Sess\u00e3o Ordin\u00e1ria - 04-10-2021</a></h3>\r\n<h3><a title=\"\" href=\"https://www.paulafreitas.pr.leg.br/processo-legislativo/atas/2021/ATA18102021.pdf\" class=\"internal-link\" target=\"_self\">32\u00b0 Sess\u00e3o Ordin\u00e1ria - 18-10-2021</a></h3>\r\n<h3><a title=\"\" href=\"https://www.paulafreitas.pr.leg.br/processo-legislativo/atas/2021/ATA25102021.pdf\" class=\"internal-link\" target=\"_self\">33\u00b0 Sess\u00e3o Ordin\u00e1ria - 25-10-2021</a></h3>\r\n<h3><a title=\"\" href=\"https://www.paulafreitas.pr.leg.br/processo-legislativo/atas/2021/ATA01112021.pdf\" class=\"internal-link\" target=\"_self\">34\u00b0 Sess\u00e3o Ordin\u00e1ria - 01-11-2021</a></h3>\r\n<h3><a title=\"\" href=\"https://www.paulafreitas.pr.leg.br/processo-legislativo/atas/2021/ATA08112021.pdf\" class=\"internal-link\" target=\"_self\">35\u00ba Sess\u00e3o Ordin\u00e1ria - 08-11-2021</a></h3>\r\n<h3><a title=\"\" href=\"https://www.paulafreitas.pr.leg.br/processo-legislativo/atas/2021/ATA22112021.pdf\" class=\"internal-link\" target=\"_self\">36\u00ba Sess\u00e3o Ordin\u00e1ria - 22-11-2021<br /></a><a title=\"\" href=\"https://www.paulafreitas.pr.leg.br/processo-legislativo/atas/2021/ATA29112021.pdf\" class=\"internal-link\" target=\"_self\">37\u00b0 Sess\u00e3o Ordin\u00e1ria - 29-11-2021</a></h3>\r\n<h3><a title=\"\" href=\"https://www.paulafreitas.pr.leg.br/processo-legislativo/atas/2021/ATA06122021.pdf\" class=\"internal-link\" target=\"_self\">38\u00b0 Sess\u00e3o Ordin\u00e1ria - 06-12-2021</a></h3>\r\n<h3><a title=\"\" href=\"https://www.paulafreitas.pr.leg.br/processo-legislativo/atas/2021/ATA13122021.pdf\" class=\"internal-link\" target=\"_self\">39\u00ba Sess\u00e3o Ordin\u00e1ria - 13-12-2021</a></h3>\r\n<h3><a title=\"\" href=\"https://www.paulafreitas.pr.leg.br/processo-legislativo/atas/2021/ATA21122021.pdf\" class=\"internal-link\" target=\"_self\">40\u00b0 Sess\u00e3o Ordin\u00e1ria - 21-12-2021</a></h3>\r\n<p>\u00a0</p>\r\n<h3>SESS\u00d5ES EXTRAORDIN\u00c1RIAS</h3>\r\n<h3 class=\"mceContentBody documentContent template-document_view portaltype-document site-portal section-processo-legislativo subsection-atas subsection-atas-2021 subsection-atas-2021-atas-do-ano-de-2021 icons-on userrole-member userrole-site administrator userrole-authenticated\"><a title=\"\" href=\"https://www.paulafreitas.pr.leg.br/processo-legislativo/atas/2021/ata1sessaoext.09.03.2021.pdf\" class=\"internal-link\" target=\"_self\">1\u00aa Sess\u00e3o Extraordin\u00e1ria - 09/03/2021</a></h3>\r\n<h3 class=\"mceContentBody documentContent template-document_view portaltype-document site-portal section-processo-legislativo subsection-atas subsection-atas-2021 subsection-atas-2021-atas-do-ano-de-2021 icons-on userrole-member userrole-site administrator userrole-authenticated\"><a title=\"\" href=\"https://www.paulafreitas.pr.leg.br/processo-legislativo/atas/2021/ata2sessaoext.10.03.2021.pdf\" class=\"internal-link\" target=\"_self\">2\u00aa Sess\u00e3o Extraordin\u00e1ria - 10/03/2021\u00a0</a></h3>\r\n<h3><a title=\"\" href=\"https://www.paulafreitas.pr.leg.br/processo-legislativo/atas/2021/ATA3EXTRAORDINARIA24032021.pdf\" class=\"internal-link\" target=\"_self\">3\u00aa Sess\u00e3o Extraordin\u00e1ria - 24-03-2021</a></h3>\r\n<h3><a title=\"\" href=\"https://www.paulafreitas.pr.leg.br/processo-legislativo/atas/2021/ATA05052021.pdf\" class=\"internal-link\" target=\"_self\">4\u00aa Sess\u00e3o Extraordin\u00e1ria - 05-05-2021</a></h3>\r\n<h3><a title=\"\" href=\"https://www.paulafreitas.pr.leg.br/processo-legislativo/atas/2021/5SESSOEXTRAORDINRIA19052021.pdf\" class=\"internal-link\" target=\"_self\">5\u00aa Sess\u00e3o Extraordin\u00e1ria - 19-05-2021</a>\u00a0</h3>\r\n<h3><a title=\"\" href=\"https://www.paulafreitas.pr.leg.br/processo-legislativo/atas/2021/6SESSOEXTRAORDINRIA13072021.pdf\" class=\"internal-link\" target=\"_self\">6\u00aa Sess\u00e3o Extraordin\u00e1ria - 13-07-2021</a></h3>\r\n<h3><a title=\"\" href=\"https://www.paulafreitas.pr.leg.br/processo-legislativo/atas/2021/ATA7EXTRA.21092021.pdf\" class=\"internal-link\" target=\"_self\">7\u00aa Sess\u00e3o Extraordin\u00e1ria - 21-09-2021</a></h3>\r\n<h3><a title=\"\" href=\"https://www.paulafreitas.pr.leg.br/processo-legislativo/atas/2021/copy_of_ATA29092021.pdf\" class=\"internal-link\" target=\"_self\">8\u00aa Sess\u00e3o Extraordin\u00e1ria - 29-09-2021</a></h3>\r\n<h3><a title=\"\" href=\"https://www.paulafreitas.pr.leg.br/processo-legislativo/atas/2021/ATAEXTRA.14122021.pdf\" class=\"internal-link\" target=\"_self\">9\u00aa Sess\u00e3o Extraordin\u00e1ria - 14-12-2021</a></h3>\r\n<p>\u00a0</p>\r\n<h2><span class=\"internal-link\">SESS\u00d5ES SOLENES</span></h2>\r\n<h3><span class=\"internal-link\"><a title=\"\" href=\"https://www.paulafreitas.pr.leg.br/processo-legislativo/atas/2021/ataposseeleitos.pdf\" class=\"internal-link\" target=\"_self\">Ata da Sess\u00e3o Solene de Posse dos Eleitos para Legislatura\u00a0 2021 - 2024</a></span></h3>\r\n<h3><span class=\"internal-link\"><a title=\"\" href=\"https://www.paulafreitas.pr.leg.br/processo-legislativo/atas/2021/atasessaoeleiomesadiretora20212022.pdf\" class=\"internal-link\" target=\"_self\">Ata da Sess\u00e3o Solene da Elei\u00e7\u00e3o da Mesa Diretora\u00a0 para o Bi\u00eanio 2021 - 2022</a></span></h3>\r\n<h3>\u00a0</h3>\r\n<h3></h3>\r\n<h2><span class=\"internal-link\">AUDI\u00caNCIAS P\u00daBLICAS</span></h2>\r\n<h3 class=\"internal-link\"><a title=\"\" href=\"https://www.paulafreitas.pr.leg.br/processo-legislativo/atas/2021/ataaud.pub.3quad.2020.pdf\" class=\"internal-link\" target=\"_self\">Audi\u00eancia P\u00fablica de Presta\u00e7\u00e3o de Contas do Terceiro Quadrimestre de 2020</a></h3>\r\n<h3 class=\"internal-link\"><a title=\"\" href=\"https://www.paulafreitas.pr.leg.br/processo-legislativo/atas/2021/AtadaAudinciaPblicaprest.decontasPrimeiroQuadrimestre.pdf\" class=\"internal-link\" target=\"_self\">Audi\u00eancia P\u00fablica de Presta\u00e7\u00e3o de Contas do Primeiro Quadrimestre de 2021</a></h3>\r\n<h3><a title=\"\" href=\"https://www.paulafreitas.pr.leg.br/processo-legislativo/atas/2021/AtadaAudinciaPblicaapresnetaodaL.D.O2022.pdf\" class=\"internal-link\" target=\"_self\">Audi\u00eancia P\u00fablica de Apresenta\u00e7\u00e3o da Lei de Diretrizes Or\u00e7ament\u00e1rias 2022</a></h3>\r\n<h3><a title=\"\" href=\"https://www.paulafreitas.pr.leg.br/processo-legislativo/atas/2021/AtadaaudinciaPblicaPPA20222025.pdf\" class=\"internal-link\" target=\"_self\">Audi\u00eancia P\u00fablica de Apresenta\u00e7\u00e3o e Aprova\u00e7\u00e3o Final do Plano Plurianual 2022-2025</a></h3>\r\n<h3><a title=\"\" href=\"https://www.paulafreitas.pr.leg.br/processo-legislativo/atas/2021/ATAA.P27102021.pdf\" class=\"internal-link\" target=\"_self\">Audi\u00eancia P\u00fablica de Presta\u00e7\u00e3o de Contas do Segundo Quadrimestre de 2021</a></h3>\r\n<h3><a title=\"\" href=\"https://www.paulafreitas.pr.leg.br/processo-legislativo/atas/2021/ATALOA2022.pdf\" class=\"internal-link\" target=\"_self\">Audi\u00eancia P\u00fablica de Apresenta\u00e7\u00e3o da LOA 2022</a></h3>\r\n<h3><a title=\"\" href=\"https://www.paulafreitas.pr.leg.br/processo-legislativo/atas/2021/ATADAAUDINCIAPBLICAA.P.M.E.pdf\" class=\"internal-link\" target=\"_self\">Audi\u00eancia P\u00fablica de Apresenta\u00e7\u00e3o do Plano Municipal de Educa\u00e7\u00e3o</a></h3>", "author_name": "", "version": "1.0", "author_url": "https://www.paulafreitas.pr.leg.br/author/adm", "provider_name": "C\u00e2mara Municipal de Paula Freitas", "type": "rich"}