{"provider_url": "https://www.paulafreitas.pr.leg.br", "title": "Semana da P\u00e1tria", "html": "<p class=\" \">O Sr. presidente da C\u00e2mara de Vereadores de Paula Freitas Nelson Luiz Franco, esteve presente na abertura da Semana da P\u00e1tria na manh\u00e3 desta segunda-feira, 2 de setembro, em frente \u00e0 prefeitura, no Centro Administrativo.</p>\r\n<p class=\" \">\u00a0<span>O presidente da casa, juntamente com a Secret\u00e1ria de Educa\u00e7\u00e3o Marcia Regina Fernandes Tomaszewski e a Diretora do Col\u00e9gio Estadual do Campo Jo\u00e3o de Lara Eliane Montipo, fizeram o hasteamento das bandeiras nacional, estadual e municipal.</span></p>\r\n<p class=\" \"><span>O evento que faz parte das homenagens c\u00edvicas alusivas a Independ\u00eancia do Brasil. Tamb\u00e9m se fizeram presentes na homenagem, o Prefeito Valdemar Ant\u00f4nio Capeletti, secret\u00e1rios, diretores, professores e alunos das Escolas Estadual e Municipal, com recita\u00e7\u00f5es de poesias e o acendimento do fogo simb\u00f3lico.</span></p>", "author_name": "", "version": "1.0", "author_url": "https://www.paulafreitas.pr.leg.br/author/fernanda", "provider_name": "C\u00e2mara Municipal de Paula Freitas", "type": "rich"}