{"provider_url": "https://www.paulafreitas.pr.leg.br", "title": "Atendimento Minist\u00e9rio P\u00fablico", "html": "<h3 style=\"text-align: justify; \">A central de atendimento do Minist\u00e9rio P\u00fablico estar\u00e1 prestando atendimento a popula\u00e7\u00e3o de Paula Freitas no dia 25 de setembro (quarta - feira), das 13:30 \u00e0s 16:30 horas, na C\u00e2mara Municipal.</h3>", "author_name": "", "version": "1.0", "author_url": "https://www.paulafreitas.pr.leg.br/author/fernanda", "provider_name": "C\u00e2mara Municipal de Paula Freitas", "type": "rich"}