{"provider_url": "https://www.paulafreitas.pr.leg.br", "title": "Perguntas Frequentes", "html": "<p><img src=\"https://www.paulafreitas.pr.leg.br/imagens/faq-logo.png/image_thumb\" alt=\"FAQ\" class=\"image-right\" title=\"Faq Logo\" /></p>\r\n<p><span>Esta se\u00e7\u00e3o de perguntas e respostas possui car\u00e1ter informativo e educativo, com as d\u00favidas mais frequentes apresentadas pelo p\u00fablico em geral. O enunciado das perguntas foi elaborado pensando-se na experi\u00eancia cotidiana de vereadores e servidores no atendimento ao p\u00fablico. Os enunciados refletem a espontaneidade com que pessoas comuns elaboram essas perguntas.</span></p>\r\n<p class=\"Normal1\"><span>Nesse sentido, foi adotada tanto quanto poss\u00edvel uma linguagem simples e de f\u00e1cil compreens\u00e3o para o p\u00fablico em geral. Tentou-se evitar o uso de uma linguagem e termos t\u00e9cnicos em seu sentido mais rigoroso, segundo a doutrina jur\u00eddica e do Direito P\u00fablico Brasileiro. </span></p>\r\n<p class=\"Normal1\"><span>Portanto, as respostas n\u00e3o devem ser consideradas como um posicionamento formal da C\u00e2mara Municipal de Paula Freitas sobre interpreta\u00e7\u00e3o legal da legisla\u00e7\u00e3o que cita, para quaisquer fins de direito.</span></p>\r\n<p class=\"Normal1\"><span>As respostas a seguir consideram a Legisla\u00e7\u00e3o Municipal, Estadual e Federal vigente na \u00e9poca de sua elabora\u00e7\u00e3o. Assim, deve-se evitar a compara\u00e7\u00e3o com outros Munic\u00edpios, que podem possuir legisla\u00e7\u00f5es espec\u00edficas sobre determinados temas de compet\u00eancia de cada Munic\u00edpio.</span></p>\r\n<p><img alt=\"FAQ\" class=\"image-right\" src=\"https://www.santoantoniodaplatina.pr.leg.br/imagens/faq-logo.png/image_thumb\" title=\"Faq Logo\" /></p>\r\n<h2>Perguntas</h2>\r\n<ol>\r\n<li><a class=\"anchor-link\" href=\"#o-que-faz-um-vereador--ele-pode-mandar-construir-escola-ou-asfaltar-minha-rua--comprar-um-ve-culo-para-a-prefeitura-municipal-\" target=\"_self\" title=\"\"><span>O que </span><span>faz um vereador? Ele pode mandar construir uma escola ou asfaltar minha rua?</span></a></li>\r\n<li><span><a class=\"anchor-link\" href=\"#o-vereador-pode-apresentar-qualquer-tipo-de-projeto-de-lei-\" target=\"_self\" title=\"\">O Vereador pode apresentar qualquer tipo de projeto de lei?</a></span></li>\r\n<li><span><a class=\"anchor-link\" href=\"#--verdade-que-o-vereador-s--trabalha-dois-dias-por-semana-\" target=\"_self\" title=\"\">\u00c9 verdade que o vereador s\u00f3 trabalha dois dias por semana?</a></span></li>\r\n<li><span><a class=\"anchor-link\" href=\"#quais-s-o-os-dias-e-hor-rios-das-sess-es-\" target=\"_self\" title=\"\">Quais s\u00e3o os dias e hor\u00e1rios das sess\u00f5es?</a></span></li>\r\n<li><span><a class=\"anchor-link\" href=\"#a-c-mara-s--est--aberta-quando-as-sess-es-ocorrem-\" target=\"_self\" title=\"\">A C\u00e2mara s\u00f3 est\u00e1 aberta quando as sess\u00f5es ocorrem?</a></span></li>\r\n<li><span><a class=\"anchor-link\" href=\"#como-saber-o-que-vai-ser-votado-na-sess-o-\" target=\"_self\" title=\"\">Como saber o que vai ser votado na Sess\u00e3o?</a></span></li>\r\n<li><span><a class=\"anchor-link\" href=\"#como-participar-de-uma-sess-o-ou-evento-da-c-mara-municipal-\" target=\"_self\" title=\"\">Como participar de uma sess\u00e3o ou evento da C\u00e2mara Municipal?</a></span></li>\r\n<li><span><a class=\"anchor-link\" href=\"#--verdade-que-o-vereador-tem-f-rias-duas-vezes-por-ano-\" target=\"_self\" title=\"\">\u00c9 verdade que o Vereador tem f\u00e9rias duas vezes por ano?</a></span></li>\r\n<li><span><a class=\"anchor-link\" href=\"#a-c-mara-n-o-funciona-em-julho-e-dezembro--em-que--poca-a-c-mara-fecha-\" target=\"_self\" title=\"\">A C\u00e2mara n\u00e3o funciona em julho e dezembro? Em que \u00e9poca a C\u00e2mara fecha?</a></span></li>\r\n<li><span><a class=\"anchor-link\" href=\"#--verdade-que-os-vereadores-recebem-a-mais-por-cada-sess-o-extraordin-ria-que-participa-\" target=\"_self\" title=\"\">\u00c9 verdade que os Vereadores recebem a mais por cada Sess\u00e3o Extraordin\u00e1ria que participa?</a></span></li>\r\n<li><span><a class=\"anchor-link\" href=\"#--verdade-que-os-vereadores-recebem-por-quantidade-de-projetos-de-leis-aprovados-\" target=\"_self\" title=\"\">\u00c9 verdade que os Vereadores recebem por quantidade de Projetos de Leis aprovados?</a></span></li>\r\n<li><span><a class=\"anchor-link\" href=\"#os-vereadores-podem-aumentar-o-pr-prio-sal-rio-\" target=\"_self\" title=\"\">Os Vereadores podem aumentar o pr\u00f3prio sal\u00e1rio?</a></span></li>\r\n<li><span><a class=\"anchor-link\" href=\"#existe-um-limite-para-o-sal-rio-dos-vereadores-\" target=\"_self\" title=\"\">Existe um limite para o sal\u00e1rio dos Vereadores?</a></span></li>\r\n<li><span><a class=\"anchor-link\" href=\"#qual-a-diferen-a-entre-subs-dio-e-sal-rio-\" target=\"_self\" title=\"\">Qual a diferen\u00e7a entre subs\u00eddio e sal\u00e1rio?</a></span></li>\r\n<li><span><a class=\"anchor-link\" href=\"#quantos-vereadores-comp-em-a-c-mara--n-o-pode-ter-menos--pode-ter-mais-\" target=\"_self\" title=\"\">Quantos vereadores comp\u00f5em a C\u00e2mara? N\u00e3o pode ter menos? Pode ter mais?</a></span></li>\r\n<li><span><a class=\"anchor-link\" href=\"#--verdade-que-cada-vereador-tem-direito-a-um-assessor-\" target=\"_self\" title=\"\">\u00c9 verdade que cada Vereador tem direito a um assessor?</a></span></li>\r\n<li><span><a class=\"anchor-link\" href=\"#--a-prefeitura-que-paga-os-sal-rios-e-as-contas-da-c-mara-municipal--como---feito-esse-pagamento-\" target=\"_self\" title=\"\">\u00c9 a Prefeitura que paga os sal\u00e1rios e as contas da C\u00e2mara Municipal? Como \u00e9 feito esse pagamento?</a></span></li>\r\n<li><span><a class=\"anchor-link\" href=\"#qual-a-fun--o-da-mesa-diretiva--o-que-faz-o-presidente--o-vice-presidente--o-1---secret-rio-e-o-2---secret-rio-\" target=\"_self\" title=\"\">Qual a fun\u00e7\u00e3o da Mesa Diretiva? O que faz o Presidente, o Vice-Presidente, o 1.\u00ba Secret\u00e1rio e o 2.\u00ba Secret\u00e1rio?</a></span></li>\r\n</ol>\r\n<p><span><br /></span></p>\r\n<h2>Respostas</h2>\r\n<p>\u00a0</p>\r\n<h3><a name=\"o-que-faz-um-vereador--ele-pode-mandar-construir-escola-ou-asfaltar-minha-rua--comprar-um-ve-culo-para-a-prefeitura-municipal-\"></a>O que faz um vereador? Ele pode mandar construir escola ou asfaltar minha rua, comprar um ve\u00edculo para a Prefeitura Municipal?</h3>\r\n<p class=\" \" style=\"text-align: justify; padding-left: 30px; \">O vereador atua em tr\u00eas frentes:</p>\r\n<p class=\" \" style=\"text-align: justify; padding-left: 30px; \">Ele faz leis que entende que podem melhorar a vida da cidade e da popula\u00e7\u00e3o, bem como decide por meio de voto com os demais vereadores quais projetos de autoria dele, dos seus pares ou da prefeitura se tornar\u00e3o leis;</p>\r\n<p class=\" \" style=\"text-align: justify; padding-left: 30px; \">Ele fiscaliza a prefeitura, vendo se o Executivo est\u00e1 cumprindo suas obriga\u00e7\u00f5es de maneira adequada e sem descumprir a lei, denunciando irregularidades quando as encontra e at\u00e9 mesmo, em \u00faltima inst\u00e2ncia, podendo cassar o prefeito caso sejam comprovadas irregularidades.</p>\r\n<p class=\" \" style=\"text-align: justify; padding-left: 30px; \">Uma das formas de fiscalizar \u00e9 a ferramenta legal chamada \"requerimentos\", utilizados para questionamentos e solicita\u00e7\u00e3o de documentos que o vereador quer verificar.</p>\r\n<p class=\" \" style=\"text-align: justify; padding-left: 30px; \">Ele atua como ponte de liga\u00e7\u00e3o entre a popula\u00e7\u00e3o e a prefeitura, utilizando-se de uma ferramenta legal que t\u00eam \u00e0 sua disposi\u00e7\u00e3o chamada \u201cindica\u00e7\u00e3o\u201d, na qual indica para o prefeito quais s\u00e3o as necessidades dos bairros e pede solu\u00e7\u00f5es.</p>\r\n<p class=\" \" style=\"text-align: justify; padding-left: 30px; \">Desta forma, um vereador N\u00c3O pode mandar asfaltar uma rua ou construir uma escola (isso \u00e9 uma obriga\u00e7\u00e3o da prefeitura), mas o vereador PODE indicar ao prefeito que determinada obra precisa ser feita e cobrar encaminhamentos, dando assim mais for\u00e7a para que a quest\u00e3o seja resolvida.</p>\r\n<p class=\" \" style=\"text-align: justify; \"><span><br /></span></p>\r\n<h3><a name=\"o-vereador-pode-apresentar-qualquer-tipo-de-projeto-de-lei-\"></a><span>O Vereador pode apresentar qualquer tipo de projeto de lei?</span></h3>\r\n<p style=\"padding-left: 30px; \">A apresenta\u00e7\u00e3o de um projeto de lei deve observar as compet\u00eancias de iniciativa de cada Poder estabelecidas, por exemplo na Lei Org\u00e2nica Municipal ou em outras normas legais.</p>\r\n<p style=\"padding-left: 30px; \">Basicamente, o Poder Legislativo n\u00e3o possui compet\u00eancia em apresentar projeto de lei que crie obriga\u00e7\u00f5es ao Poder Executivo ou que modifique o seu or\u00e7amento.</p>\r\n<p><span><br /></span></p>\r\n<h3><a name=\"--verdade-que-o-vereador-s--trabalha-dois-dias-por-semana-\"></a>\u00c9 verdade que o vereador s\u00f3 trabalha um dias por semana?</h3>\r\n<p style=\"padding-left: 30px; \"><span></span><span>De maneira alguma: ocorre que as Sess\u00f5es Ordin\u00e1rias da C\u00e2mara Municipal, isto \u00e9, a reuni\u00e3o na qual os vereadores votam nos projetos de lei, debatem e discursam sobre quest\u00f5es que consideram relevantes, s\u00e3o realizadas sempre \u00e0s segundas-feiras.\u00a0</span></p>\r\n<p style=\"padding-left: 30px; \"><span></span><span>Al\u00e9m disso, os Vereadores participam de Comiss\u00f5es Permanentes que analisam os projetos de leis e outras proposituras; al\u00e9m de participar de encontros e reuni\u00f5es com \u00f3rg\u00e3os da Administra\u00e7\u00e3o P\u00fablica Municipal, Estadual ou, at\u00e9 mesmo Federal.</span></p>\r\n<p style=\"padding-left: 30px; \">\u00a0</p>\r\n<h3><a name=\"quais-s-o-os-dias-e-hor-rios-das-sess-es-\"></a>Quais s\u00e3o os dias e hor\u00e1rios das sess\u00f5es?</h3>\r\n<p class=\"Normal1\" style=\"padding-left: 30px; \">As Sess\u00f5es Ordin\u00e1rias da C\u00e2mara ocorrem nas segundas-feiras, com in\u00edcio \u00e0s 19 horas - durante o per\u00edodo legislativo que vai de 2 de fevereiro at\u00e9 17 de julho, e de 1.\u00ba de agosto \u00e0 22 de dezembro de cada ano.</p>\r\n<p class=\"Normal1\" style=\"padding-left: 30px; \">As Sess\u00f5es Extraordin\u00e1rias podem ocorrer a qualquer tempo, desde que convocadas com prazo m\u00ednimo de 24 horas da sua realiza\u00e7\u00e3o e devidamente divulgadas.</p>\r\n<p class=\"Normal1\" style=\"padding-left: 30px; \">Veja tamb\u00e9m:</p>\r\n<p class=\"Normal1\" style=\"padding-left: 30px; \">A C\u00e2mara n\u00e3o funciona em julho e em dezembro? Em que \u00e9poca a C\u00e2mara fecha?</p>\r\n<p class=\"Normal1\" style=\"padding-left: 30px; \"><span><br /></span></p>\r\n<h3><a name=\"a-c-mara-s--est--aberta-quando-as-sess-es-ocorrem-\"></a><a name=\"a-c-mara-s--est--aberta-quando-as-sess-es-ocorrem-\"></a>A C\u00e2mara s\u00f3 est\u00e1 aberta quando as sess\u00f5es ocorrem?</h3>\r\n<p class=\"Normal1\" style=\"padding-left: 30px; \"><span></span><span>O hor\u00e1rio de atendimento ao p\u00fablico em geral \u00e9: de segunda \u00e0 sexta-feira, das 08h at\u00e9 as 12h e das 13h at\u00e9 as 17h \u2013 o hor\u00e1rio de almo\u00e7o \u00e9 das 12h at\u00e9 as 13h.</span></p>\r\n<p class=\"Normal1\" style=\"padding-left: 30px; \"><span>N\u00e3o h\u00e1 expediente aos finais de semana e feriados nacionais e dias de ponto facultativo decretados pelo Munic\u00edpio. <br /></span></p>\r\n<p class=\"Normal1\" style=\"padding-left: 30px; \"><span></span><span>N\u00e3o h\u00e1 expediente nos feriados municipais que s\u00e3o:</span></p>\r\n<ul style=\"padding-left: 30px; \">\r\n<li style=\"padding-left: 30px; \"><span>4 de Novembro \u2013 Dia do padroeiro do Munic\u00edpio (S\u00e3o Carlos Borromeu)</span></li>\r\n<li style=\"padding-left: 30px; \"><span>8 de Dezembro \u2013 Dia da emancipa\u00e7\u00e3o pol\u00edtica do Munic\u00edpio (Anivers\u00e1rio da Cidade)</span></li>\r\n</ul>\r\n<p style=\"padding-left: 30px; \">\u00a0</p>\r\n<p style=\"padding-left: 30px; \">Os recessos administrativos de fim de ano, s\u00e3o estabelecidos por meio de portaria, cuja dura\u00e7\u00e3o fica a crit\u00e9rio do Presidente.</p>\r\n<p class=\"Normal1\" style=\"padding-left: 30px; \">\u00a0</p>\r\n<h3><a name=\"como-saber-o-que-vai-ser-votado-na-sess-o-\"></a>Como saber o que vai ser votado na Sess\u00e3o?</h3>\r\n<p class=\"Normal1\" style=\"padding-left: 30px; \">A C\u00e2mara divulga a pauta da Ordem do Dia em seu site \u00e0s 14h do dia da sess\u00e3o..</p>\r\n<p class=\"Normal1\" style=\"padding-left: 30px; \">A pauta pode ser consultada no seguinte link:</p>\r\n<p class=\"Normal1\" style=\"padding-left: 30px; \"><a title=\"\" href=\"https://www.paulafreitas.pr.leg.br/processo-legislativo/pautas\" class=\"external-link\" target=\"_self\">https://www.paulafreitas.pr.leg.br/processo-legislativo/pautas</a></p>\r\n<p class=\"Normal1\" style=\"padding-left: 30px; \">\u00a0</p>\r\n<h3><a name=\"como-participar-de-uma-sess-o-ou-evento-da-c-mara-municipal-\"></a>Como participar de uma sess\u00e3o ou evento da C\u00e2mara Municipal?</h3>\r\n<p style=\"padding-left: 30px; \"><span>Para assistir \u00e0s reuni\u00f5es basta comparecer no endere\u00e7o: Avenida Agostinho de Souza, 600, Centro (ao lado da Prefeitura Municipal).</span></p>\r\n<p style=\"padding-left: 30px; \"><span></span><span>\u00c9 permitido a qualquer pessoa, convenientemente trajada, ingressar no recinto do Plen\u00e1rio da C\u00e2mara. </span></p>\r\n<p style=\"padding-left: 30px; \"><span>Entretanto, \u00e9 proibido o porte de armas, consumir bebidas alco\u00f3licas ou estar embriagado e fumar. O cidad\u00e3o deve tamb\u00e9m comporta se com urbanidade e n\u00e3o deve conversar ou comportar-se de forma a atrapalhar os andamentos dos trabalhos da Sess\u00e3o.</span></p>\r\n<p>\u00a0</p>\r\n<h3><a name=\"--verdade-que-o-vereador-tem-f-rias-duas-vezes-por-ano-\"></a><span></span>\u00c9 verdade que o Vereador tem f\u00e9rias duas vezes por ano?</h3>\r\n<p style=\"padding-left: 30px; \"><span>De maneira alguma. O que ocorre duas vezes por ano s\u00e3o os recessos legislativos, nos quais n\u00e3o ocorrem reuni\u00f5es ordin\u00e1rias. </span></p>\r\n<p style=\"padding-left: 30px; \"><span>Contudo o atendimento ao p\u00fablico ocorre normalmente.<br /></span></p>\r\n<p style=\"padding-left: 30px; \">Veja tamb\u00e9m:</p>\r\n<p style=\"padding-left: 30px; \"><a class=\"anchor-link\" href=\"https://www.santoantoniodaplatina.pr.leg.br/perguntas-frequentes#a-c-mara-s--est--aberta-quando-as-sess-es-ocorrem-\" target=\"_self\" title=\"\">A C\u00e2mara s\u00f3 est\u00e1 aberta quando as Sess\u00f5es acontecem?</a></p>\r\n<p style=\"padding-left: 30px; \"><span><br /></span></p>\r\n<h3><a name=\"a-c-mara-n-o-funciona-em-julho-e-dezembro--em-que--poca-a-c-mara-fecha-\"></a>A C\u00e2mara n\u00e3o funciona em julho e dezembro? Em que \u00e9poca a C\u00e2mara fecha?</h3>\r\n<p style=\"padding-left: 30px; \"><span></span><span>Entre os dias 23 de dezembro a 1\u00b0 de fevereiro e entre 18 \u00e0 31 de julho ocorrem os recessos do legislativo onde as Sess\u00f5es Ordin\u00e1rias est\u00e3o suspensas. </span></p>\r\n<p style=\"padding-left: 30px; \"><span>Entretanto, nesse per\u00edodo ainda podem ocorrer as sess\u00f5es extraordin\u00e1rias, convocadas na forma regimental.</span></p>\r\n<p style=\"padding-left: 30px; \"><span></span><span>Contudo, o expediente administrativo n\u00e3o \u00e9 afetado. A Secretaria da C\u00e2mara Municipal continua funcionando de segunda a sexta-feira, das 08h \u00e0s 12h e das 13h at\u00e9 as 17h.</span></p>\r\n<p style=\"padding-left: 30px; \"><span></span><span>Veja tamb\u00e9m:</span></p>\r\n<p style=\"padding-left: 30px; \"><a class=\"anchor-link\" href=\"https://www.santoantoniodaplatina.pr.leg.br/perguntas-frequentes#a-c-mara-s--est--aberta-quando-as-sess-es-ocorrem-\" target=\"_self\" title=\"\"><span></span><span>A C\u00e2mara s\u00f3 est\u00e1 aberta quando as Sess\u00f5es acontecem?</span></a></p>\r\n<p style=\"padding-left: 30px; \"><span><br /></span></p>\r\n<h3><a name=\"--verdade-que-os-vereadores-recebem-a-mais-por-cada-sess-o-extraordin-ria-que-participa-\"></a>\u00c9 verdade que os Vereadores recebem a mais por cada Sess\u00e3o Extraordin\u00e1ria que participa?</h3>\r\n<p style=\"padding-left: 30px; \"><span></span><span>De maneira alguma! O subs\u00eddio n\u00e3o \u00e9 condicionado ao n\u00famero de sess\u00f5es realizadas. O subs\u00eddio \u00e9 um valor mensal fixo, definido em lei, para desempenhar todas as suas atividades legislativas.</span></p>\r\n<p><span><br /></span></p>\r\n<h3><a name=\"--verdade-que-os-vereadores-recebem-por-quantidade-de-projetos-de-leis-aprovados-\"></a>\u00c9 verdade que os Vereadores recebem por quantidade de Projetos de Leis aprovados?</h3>\r\n<p class=\"Normal1\" style=\"padding-left: 30px; \">De maneira alguma! O subs\u00eddio dos Vereadores n\u00e3o \u00e9 condicionado \u00e0 quantidade de projetos de lei aprovados. O subs\u00eddio \u00e9 um valor mensal fixo, definido em lei, para desempenhar todas as suas atividades legislativas.</p>\r\n<p><span><br /></span></p>\r\n<h3><a name=\"os-vereadores-podem-aumentar-o-pr-prio-sal-rio-\"></a>Os Vereadores podem aumentar o pr\u00f3prio sal\u00e1rio?</h3>\r\n<p style=\"padding-left: 30px; \"><span></span><span>De acordo com o inciso VI do art. 29 da Constitui\u00e7\u00e3o Federal, o subs\u00eddio dos vereadores ser\u00e1 fixado em cada legislatura para a pr\u00f3xima, isto \u00e9, para os pr\u00f3ximos vereadores que ser\u00e3o eleitos e tomar\u00e3o posse na pr\u00f3xima gest\u00e3o.</span></p>\r\n<p style=\"padding-left: 30px; \"><span></span><span>Ver tamb\u00e9m:\u00a0</span></p>\r\n<p style=\"padding-left: 30px; \"><span></span><span>Existe um limite para o sal\u00e1rio dos Vereadores?</span></p>\r\n<p style=\"padding-left: 30px; \"><span></span><span>Qual a diferen\u00e7a entre sal\u00e1rio e subs\u00eddio?</span></p>\r\n<p style=\"padding-left: 30px; \"><span><br /></span></p>\r\n<h3><a name=\"existe-um-limite-para-o-sal-rio-dos-vereadores-\"></a>Existe um limite para o sal\u00e1rio dos Vereadores?</h3>\r\n<p style=\"padding-left: 30px; \"><span>Sim. De acordo com o Inciso VI do art. 29 da Constitui\u00e7\u00e3o Federal, esses limites consideram o n\u00famero de habitantes e o sal\u00e1rio dos deputados das respectivas Assembleias Estaduais, que s\u00e3o:</span></p>\r\n<p style=\"padding-left: 30px; \"><span><br /></span></p>\r\n<table style=\"padding-left: 30px;\">\r\n<tbody>\r\n<tr>\r\n<td>\r\n<p align=\"center\" class=\"Normal1\">N\u00daMERO DE HABITANTES</p>\r\n<p align=\"center\" class=\"Normal1\">(POPULA\u00c7\u00c3O)</p>\r\n</td>\r\n<td>\r\n<p align=\"center\" class=\"Normal1\">LIMITE EM FUN\u00c7\u00c3O DO</p>\r\n<p align=\"center\" class=\"Normal1\">SUBS\u00cdDIO DO DESPUTADO ESTADUAL</p>\r\n</td>\r\n</tr>\r\n<tr>\r\n<td>\r\n<p align=\"center\" class=\"Normal1\">At\u00e9 10.000</p>\r\n</td>\r\n<td>\r\n<p align=\"center\" class=\"Normal1\">20%</p>\r\n</td>\r\n</tr>\r\n<tr>\r\n<td>\r\n<p align=\"center\" class=\"Normal1\">De 10.001 a 50.000</p>\r\n</td>\r\n<td>\r\n<p align=\"center\" class=\"Normal1\">30%</p>\r\n</td>\r\n</tr>\r\n<tr>\r\n<td>\r\n<p align=\"center\" class=\"Normal1\">De 50.001 a 100.000</p>\r\n</td>\r\n<td>\r\n<p align=\"center\" class=\"Normal1\">40%</p>\r\n</td>\r\n</tr>\r\n<tr>\r\n<td>\r\n<p align=\"center\" class=\"Normal1\">De 100.001 a 300.000</p>\r\n</td>\r\n<td>\r\n<p align=\"center\" class=\"Normal1\">50%</p>\r\n</td>\r\n</tr>\r\n<tr>\r\n<td>\r\n<p align=\"center\" class=\"Normal1\">De 300.001 a 500.000</p>\r\n</td>\r\n<td>\r\n<p align=\"center\" class=\"Normal1\">60%</p>\r\n</td>\r\n</tr>\r\n<tr>\r\n<td>\r\n<p align=\"center\" class=\"Normal1\">Mais de 500.000</p>\r\n</td>\r\n<td>\r\n<p align=\"center\" class=\"Normal1\">75%</p>\r\n</td>\r\n</tr>\r\n</tbody>\r\n</table>\r\n<p style=\"padding-left: 30px; \"><span><br />Em um Munic\u00edpio com at\u00e9 10.000 (dez mil) habitantes, o subs\u00eddio do vereador n\u00e3o poder\u00e1 ultrapassar 20% do valor do subs\u00eddio do Deputado Estadual de seu respectivo Estado.</span></p>\r\n<p style=\"padding-left: 30px; \"><span><br /></span></p>\r\n<h3><a name=\"qual-a-diferen-a-entre-subs-dio-e-sal-rio-\"></a>Qual a diferen\u00e7a entre subs\u00eddio e sal\u00e1rio?</h3>\r\n<p style=\"padding-left: 30px; \"><span></span><span>Subs\u00eddio \u00e9 uma retribui\u00e7\u00e3o em dinheiro paga mensalmente a determinados agentes pol\u00edticos.\u00a0 </span></p>\r\n<p style=\"padding-left: 30px; \"><span>Segundo o \u00a7 4.\u00ba do Art. 36 da Constitui\u00e7\u00e3o Federal, \u00e9 vedado o acr\u00e9scimo de qualquer gratifica\u00e7\u00e3o, adicional, abono, pr\u00eamio e verba de representa\u00e7\u00e3o \u00e0queles que recebem subs\u00eddio.</span></p>\r\n<p><span><br /></span></p>\r\n<h3><a name=\"quantos-vereadores-comp-em-a-c-mara--n-o-pode-ter-menos--pode-ter-mais-\"></a>Quantos vereadores comp\u00f5em a C\u00e2mara? N\u00e3o pode ter menos? Pode ter mais?</h3>\r\n<p class=\"Normal1\" style=\"padding-left: 30px; \"><span>A C\u00e2mara Municipal de Paula Freitas possui 9 (nove) cadeiras (ou vereadores) conforme estabelecido no art. 12 da Lei Org\u00e2nica Municipal.</span></p>\r\n<p class=\"Normal1\" style=\"padding-left: 30px; \"><span>De acordo com a Lei Org\u00e2nica Municipal e a Constitui\u00e7\u00e3o Federal, 9 (nove) cadeiras \u00e9 o n\u00famero m\u00ednimo de vagas na C\u00e2mara Municipal.</span></p>\r\n<p style=\"padding-left: 30px; \"><span><br /></span></p>\r\n<h3><a name=\"--verdade-que-cada-vereador-tem-direito-a-um-assessor-\"></a>\u00c9 verdade que cada Vereador tem direito a um assessor?</h3>\r\n<p class=\"Normal1\" style=\"padding-left: 30px; \">N\u00e3o h\u00e1 previs\u00e3o para assessores individuais na legisla\u00e7\u00e3o do Munic\u00edpio.</p>\r\n<p>\u00a0</p>\r\n<h3><a name=\"--a-prefeitura-que-paga-os-sal-rios-e-as-contas-da-c-mara-municipal--como---feito-esse-pagamento-\"></a>\u00c9 a Prefeitura que paga os sal\u00e1rios e as contas da C\u00e2mara Municipal? Como \u00e9 feito esse pagamento?</h3>\r\n<p class=\"Normal1\" style=\"padding-left: 30px; \"><span>De acordo com a legisla\u00e7\u00e3o or\u00e7ament\u00e1ria \u00e9 estabelecido um repasse mensal do Munic\u00edpio ao Poder Legislativo Municipal, denominado duod\u00e9cimo.</span></p>\r\n<p class=\"Normal1\" style=\"padding-left: 30px; \"><span> O duod\u00e9cimo \u00e9 a \u00fanica fonte de recursos do Poder Legislativo Municipal. </span></p>\r\n<p class=\"Normal1\" style=\"padding-left: 30px; \"><span>Dentro dos limites legais, a C\u00e2mara Municipal possui autonomia para definir o seu or\u00e7amento, realizar despesas e seus pagamentos. </span></p>\r\n<p class=\"Normal1\" style=\"padding-left: 30px; \"><span>Desta forma os or\u00e7amentos do Poder Executivo e do Poder Legislativo s\u00e3o independentes.</span></p>\r\n<p><span><br /></span></p>\r\n<h3><a name=\"qual-a-fun--o-da-mesa-diretiva--o-que-faz-o-presidente--o-vice-presidente--o-1---secret-rio-e-o-2---secret-rio-\"></a>Qual a fun\u00e7\u00e3o da Mesa Diretiva? O que faz o Presidente, o Vice-Presidente, o 1.\u00ba Secret\u00e1rio e o 2.\u00ba Secret\u00e1rio?</h3>\r\n<p class=\"Normal1\" style=\"padding-left: 30px; \"><span>As atribui\u00e7\u00f5es da Mesa Diretiva e de cada um dos seus membros est\u00e3o definidas na Lei Org\u00e2nica Municipal e no Regimento Interno da C\u00e2mara de Vereadores.</span></p>\r\n<p class=\"Normal1\" style=\"padding-left: 30px; \"><span>O Presidente da C\u00e2mara \u00e9 a mais alta autoridade da Mesa ao qual cabe fun\u00e7\u00f5es relacionadas ao andamento do processo legislativo; quanto ao andamento das sess\u00f5es; quanto a atividades administrativas da C\u00e2mara; e quanto a representa\u00e7\u00e3o da C\u00e2mara Municipal perante \u00f3rg\u00e3os externos. <br /></span></p>\r\n<p class=\"Normal1\" style=\"padding-left: 30px; \"><span>Compete ao Vice-Presidente substituir o presidente em suas faltas, aus\u00eancias, impedimentos, licen\u00e7as ou omiss\u00f5es. </span></p>\r\n<p class=\"Normal1\" style=\"padding-left: 30px; \"><span>Ao Primeiro Secret\u00e1rio compete\u00a0 organizar o expediente e a ordem do dia; realizar a leitura das mat\u00e9rias do Pequeno Expediente; supervisionar a reda\u00e7\u00e3o das atas das Sess\u00f5es; entre outras atribui\u00e7\u00f5es.</span></p>\r\n<p class=\"Normal1\" style=\"padding-left: 30px; \"><span>Ao Segundo Secret\u00e1rio compete substituir o Primeiro Secret\u00e1rio em suas licen\u00e7as, impedimentos e aus\u00eancias.<br /></span></p>\r\n<p class=\"Normal1\" style=\"padding-left: 30px; \"><span>Al\u00e9m disso a Mesa Diretiva, em sua totalidade, possui atribui\u00e7\u00f5es pr\u00f3prias discriminadas no Regimento Interno.</span></p>", "author_name": "Interlegis", "version": "1.0", "author_url": "https://www.paulafreitas.pr.leg.br/author/Interlegis", "provider_name": "C\u00e2mara Municipal de Paula Freitas", "type": "rich"}